{"id":3354,"date":"2024-01-16T10:07:59","date_gmt":"2024-01-16T10:07:59","guid":{"rendered":"https:\/\/capmanymuntatges.cat\/creant-espais-comuns-productius-a-loficina-la-clau-esta-en-lequipament-doficina\/"},"modified":"2024-01-16T10:24:05","modified_gmt":"2024-01-16T10:24:05","slug":"creant-espais-comuns-productius-a-loficina-la-clau-esta-en-lequipament-doficina","status":"publish","type":"post","link":"https:\/\/capmanymuntatges.cat\/fr\/creant-espais-comuns-productius-a-loficina-la-clau-esta-en-lequipament-doficina\/","title":{"rendered":"Cr\u00e9er des espaces communs productifs au bureau : la cl\u00e9 r\u00e9side dans l\u2019\u00e9quipement du bureau"},"content":{"rendered":"<p>Dans l&rsquo;environnement de travail actuel, l&rsquo;importance des espaces communs au sein du bureau ne peut \u00eatre sous-estim\u00e9e. Chez Capmany Muntatges, sp\u00e9cialiste de l&rsquo;installation et du montage de bureaux, nous comprenons que ces espaces peuvent \u00eatre des moteurs de collaboration et de productivit\u00e9. Dans cet article, nous explorons la vitalit\u00e9 des espaces communs et soulignons l\u2019importance des \u00e9quipements de bureau pour atteindre une efficacit\u00e9 maximale.<\/p>\n<p><strong>L\u2019importance des espaces communs\u00a0:<\/strong><\/p>\n<ul>\n<li><strong>Collaboration et communication\u00a0:<\/strong> les espaces communs, tels que les zones de pause, les salles \u00e0 manger ou les espaces de r\u00e9union informels, encouragent l&rsquo;interaction entre les membres de l&rsquo;\u00e9quipe. Ces sites sont id\u00e9aux pour \u00e9changer des id\u00e9es, partager des connaissances et am\u00e9liorer la communication interne.<\/li>\n<li><strong>Bien-\u00eatre et Motivation :<\/strong> Offrir des espaces confortables et agr\u00e9ables favorise le bien-\u00eatre des collaborateurs. Ces zones d\u00e9tendues peuvent aider \u00e0 r\u00e9duire le stress et \u00e0 accro\u00eetre la motivation, contribuant ainsi \u00e0 un environnement de travail plus sain.<\/li>\n<li><strong>Encourager la cr\u00e9ativit\u00e9\u00a0:<\/strong> les conversations informelles et les interactions sociales dans les espaces communs peuvent \u00eatre une source d&rsquo;inspiration pour de nouvelles id\u00e9es et des solutions cr\u00e9atives. Ces moments informels peuvent avoir un impact positif sur l\u2019innovation et la r\u00e9solution de probl\u00e8mes.<\/li>\n<\/ul>\n<p><strong>\u00c9quipement de bureau cl\u00e9 pour les espaces communs\u00a0:<\/strong><\/p>\n<ul>\n<li><strong>Mobilier ergonomique\u00a0:<\/strong> Fournit un mobilier confortable et ergonomique pour les espaces communs. Les chaises et tables favorisant une posture saine contribueront au bien-\u00eatre g\u00e9n\u00e9ral des employ\u00e9s.<\/li>\n<li><strong>Espaces salon accueillants\u00a0:<\/strong> cr\u00e9ez des espaces salon avec des meubles confortables, tels que des canap\u00e9s et des fauteuils relaxants. Ces zones offrent un endroit calme pour se reposer et se ressourcer.<\/li>\n<li><strong>\u00c9quipement de cuisine complet\u00a0:<\/strong> Si vous incluez un coin cuisine, assurez-vous qu\u2019il est bien \u00e9quip\u00e9 en \u00e9lectrom\u00e9nagers, ustensiles et espaces de rangement. Cela permettra aux employ\u00e9s de pr\u00e9parer plus facilement des repas sains et de favoriser les interactions sociales.<br \/>\nTechnologie collaborative\u00a0: installez une technologie qui facilite la collaboration, comme des \u00e9crans interactifs ou des espaces de travail dot\u00e9s d&rsquo;une connexion Internet haut d\u00e9bit.<\/li>\n<\/ul>\n<p><strong>Contactez Capmany Muntatges pour Transformer vos Espaces Communs :<\/strong><\/p>\n<p>Si vous souhaitez optimiser les espaces communs de votre bureau avec le mat\u00e9riel de bureau le plus adapt\u00e9, n&rsquo;h\u00e9sitez pas \u00e0 contacter les sp\u00e9cialistes de Capmany Muntatges. Nous sommes l\u00e0 pour vous aider \u00e0 cr\u00e9er un environnement de travail qui stimule la collaboration et la productivit\u00e9 de votre \u00e9quipe.<\/p>\n","protected":false},"excerpt":{"rendered":"<p>Dans l&rsquo;environnement de travail actuel, l&rsquo;importance des espaces communs au sein du bureau ne peut \u00eatre sous-estim\u00e9e. Chez Capmany Muntatges, sp\u00e9cialiste de l&rsquo;installation et du montage de bureaux, nous comprenons que ces espaces peuvent \u00eatre des moteurs de collaboration et de productivit\u00e9. Dans cet article, nous explorons la vitalit\u00e9 des espaces communs et soulignons l\u2019importance &#8230; <a title=\"Cr\u00e9er des espaces communs productifs au bureau : la cl\u00e9 r\u00e9side dans l\u2019\u00e9quipement du bureau\" class=\"read-more\" href=\"https:\/\/capmanymuntatges.cat\/fr\/creant-espais-comuns-productius-a-loficina-la-clau-esta-en-lequipament-doficina\/\" aria-label=\"En savoir plus sur Cr\u00e9er des espaces communs productifs au bureau : la cl\u00e9 r\u00e9side dans l\u2019\u00e9quipement du bureau\">Lire la suite<\/a><\/p>\n","protected":false},"author":2,"featured_media":3349,"comment_status":"closed","ping_status":"closed","sticky":false,"template":"","format":"standard","meta":{"_acf_changed":false,"footnotes":""},"categories":[178],"tags":[],"class_list":["post-3354","post","type-post","status-publish","format-standard","has-post-thumbnail","hentry","category-general-fr"],"acf":[],"yoast_head":"<!-- This site is optimized with the Yoast SEO plugin v27.3 - https:\/\/yoast.com\/product\/yoast-seo-wordpress\/ -->\n<title>Cr\u00e9er des espaces communs productifs au bureau : la cl\u00e9 r\u00e9side dans l\u2019\u00e9quipement du bureau - Capmany Muntatges<\/title>\n<meta name=\"robots\" content=\"noindex, follow\" \/>\n<meta property=\"og:locale\" content=\"fr_FR\" \/>\n<meta property=\"og:type\" content=\"article\" \/>\n<meta property=\"og:title\" content=\"Cr\u00e9er des espaces communs productifs au bureau : la cl\u00e9 r\u00e9side dans l\u2019\u00e9quipement du bureau - Capmany Muntatges\" \/>\n<meta property=\"og:description\" content=\"Dans l&rsquo;environnement de travail actuel, l&rsquo;importance des espaces communs au sein du bureau ne peut \u00eatre sous-estim\u00e9e. Chez Capmany Muntatges, sp\u00e9cialiste de l&rsquo;installation et du montage de bureaux, nous comprenons que ces espaces peuvent \u00eatre des moteurs de collaboration et de productivit\u00e9. Dans cet article, nous explorons la vitalit\u00e9 des espaces communs et soulignons l\u2019importance ... Lire la suite\" \/>\n<meta property=\"og:url\" content=\"https:\/\/capmanymuntatges.cat\/fr\/creant-espais-comuns-productius-a-loficina-la-clau-esta-en-lequipament-doficina\/\" \/>\n<meta property=\"og:site_name\" content=\"Capmany Muntatges\" \/>\n<meta property=\"article:published_time\" content=\"2024-01-16T10:07:59+00:00\" \/>\n<meta property=\"article:modified_time\" content=\"2024-01-16T10:24:05+00:00\" \/>\n<meta property=\"og:image\" content=\"https:\/\/capmanymuntatges.cat\/wp-content\/uploads\/2024\/01\/HIGH-noom-071-7--scaled.jpg\" \/>\n\t<meta property=\"og:image:width\" content=\"2560\" \/>\n\t<meta property=\"og:image:height\" content=\"1536\" \/>\n\t<meta property=\"og:image:type\" content=\"image\/jpeg\" \/>\n<meta name=\"author\" content=\"Capmany Muntatges\" \/>\n<meta name=\"twitter:card\" content=\"summary_large_image\" \/>\n<meta name=\"twitter:label1\" content=\"\u00c9crit par\" \/>\n\t<meta name=\"twitter:data1\" content=\"Capmany Muntatges\" \/>\n\t<meta name=\"twitter:label2\" content=\"Dur\u00e9e de lecture estim\u00e9e\" \/>\n\t<meta name=\"twitter:data2\" content=\"2 minutes\" \/>\n<script type=\"application\/ld+json\" class=\"yoast-schema-graph\">{\"@context\":\"https:\\\/\\\/schema.org\",\"@graph\":[{\"@type\":\"Article\",\"@id\":\"https:\\\/\\\/capmanymuntatges.cat\\\/fr\\\/creant-espais-comuns-productius-a-loficina-la-clau-esta-en-lequipament-doficina\\\/#article\",\"isPartOf\":{\"@id\":\"https:\\\/\\\/capmanymuntatges.cat\\\/fr\\\/creant-espais-comuns-productius-a-loficina-la-clau-esta-en-lequipament-doficina\\\/\"},\"author\":{\"name\":\"Capmany Muntatges\",\"@id\":\"https:\\\/\\\/capmanymuntatges.cat\\\/fr\\\/#\\\/schema\\\/person\\\/ce48f0090d4e0147a706087ff6461f5d\"},\"headline\":\"Cr\u00e9er des espaces communs productifs au bureau : la cl\u00e9 r\u00e9side dans l\u2019\u00e9quipement du bureau\",\"datePublished\":\"2024-01-16T10:07:59+00:00\",\"dateModified\":\"2024-01-16T10:24:05+00:00\",\"mainEntityOfPage\":{\"@id\":\"https:\\\/\\\/capmanymuntatges.cat\\\/fr\\\/creant-espais-comuns-productius-a-loficina-la-clau-esta-en-lequipament-doficina\\\/\"},\"wordCount\":425,\"publisher\":{\"@id\":\"https:\\\/\\\/capmanymuntatges.cat\\\/fr\\\/#organization\"},\"image\":{\"@id\":\"https:\\\/\\\/capmanymuntatges.cat\\\/fr\\\/creant-espais-comuns-productius-a-loficina-la-clau-esta-en-lequipament-doficina\\\/#primaryimage\"},\"thumbnailUrl\":\"https:\\\/\\\/capmanymuntatges.cat\\\/wp-content\\\/uploads\\\/2024\\\/01\\\/HIGH-noom-071-7--scaled.jpg\",\"articleSection\":[\"General\"],\"inLanguage\":\"fr-FR\"},{\"@type\":\"WebPage\",\"@id\":\"https:\\\/\\\/capmanymuntatges.cat\\\/fr\\\/creant-espais-comuns-productius-a-loficina-la-clau-esta-en-lequipament-doficina\\\/\",\"url\":\"https:\\\/\\\/capmanymuntatges.cat\\\/fr\\\/creant-espais-comuns-productius-a-loficina-la-clau-esta-en-lequipament-doficina\\\/\",\"name\":\"Cr\u00e9er des espaces communs productifs au bureau : la cl\u00e9 r\u00e9side dans l\u2019\u00e9quipement du bureau - Capmany Muntatges\",\"isPartOf\":{\"@id\":\"https:\\\/\\\/capmanymuntatges.cat\\\/fr\\\/#website\"},\"primaryImageOfPage\":{\"@id\":\"https:\\\/\\\/capmanymuntatges.cat\\\/fr\\\/creant-espais-comuns-productius-a-loficina-la-clau-esta-en-lequipament-doficina\\\/#primaryimage\"},\"image\":{\"@id\":\"https:\\\/\\\/capmanymuntatges.cat\\\/fr\\\/creant-espais-comuns-productius-a-loficina-la-clau-esta-en-lequipament-doficina\\\/#primaryimage\"},\"thumbnailUrl\":\"https:\\\/\\\/capmanymuntatges.cat\\\/wp-content\\\/uploads\\\/2024\\\/01\\\/HIGH-noom-071-7--scaled.jpg\",\"datePublished\":\"2024-01-16T10:07:59+00:00\",\"dateModified\":\"2024-01-16T10:24:05+00:00\",\"breadcrumb\":{\"@id\":\"https:\\\/\\\/capmanymuntatges.cat\\\/fr\\\/creant-espais-comuns-productius-a-loficina-la-clau-esta-en-lequipament-doficina\\\/#breadcrumb\"},\"inLanguage\":\"fr-FR\",\"potentialAction\":[{\"@type\":\"ReadAction\",\"target\":[\"https:\\\/\\\/capmanymuntatges.cat\\\/fr\\\/creant-espais-comuns-productius-a-loficina-la-clau-esta-en-lequipament-doficina\\\/\"]}]},{\"@type\":\"ImageObject\",\"inLanguage\":\"fr-FR\",\"@id\":\"https:\\\/\\\/capmanymuntatges.cat\\\/fr\\\/creant-espais-comuns-productius-a-loficina-la-clau-esta-en-lequipament-doficina\\\/#primaryimage\",\"url\":\"https:\\\/\\\/capmanymuntatges.cat\\\/wp-content\\\/uploads\\\/2024\\\/01\\\/HIGH-noom-071-7--scaled.jpg\",\"contentUrl\":\"https:\\\/\\\/capmanymuntatges.cat\\\/wp-content\\\/uploads\\\/2024\\\/01\\\/HIGH-noom-071-7--scaled.jpg\",\"width\":2560,\"height\":1536},{\"@type\":\"BreadcrumbList\",\"@id\":\"https:\\\/\\\/capmanymuntatges.cat\\\/fr\\\/creant-espais-comuns-productius-a-loficina-la-clau-esta-en-lequipament-doficina\\\/#breadcrumb\",\"itemListElement\":[{\"@type\":\"ListItem\",\"position\":1,\"name\":\"Portada\",\"item\":\"https:\\\/\\\/capmanymuntatges.cat\\\/fr\\\/\"},{\"@type\":\"ListItem\",\"position\":2,\"name\":\"Cr\u00e9er des espaces communs productifs au bureau : la cl\u00e9 r\u00e9side dans l\u2019\u00e9quipement du bureau\"}]},{\"@type\":\"WebSite\",\"@id\":\"https:\\\/\\\/capmanymuntatges.cat\\\/fr\\\/#website\",\"url\":\"https:\\\/\\\/capmanymuntatges.cat\\\/fr\\\/\",\"name\":\"Capmany Muntatges\",\"description\":\"Mobiliari d&#039;oficina\",\"publisher\":{\"@id\":\"https:\\\/\\\/capmanymuntatges.cat\\\/fr\\\/#organization\"},\"potentialAction\":[{\"@type\":\"SearchAction\",\"target\":{\"@type\":\"EntryPoint\",\"urlTemplate\":\"https:\\\/\\\/capmanymuntatges.cat\\\/fr\\\/?s={search_term_string}\"},\"query-input\":{\"@type\":\"PropertyValueSpecification\",\"valueRequired\":true,\"valueName\":\"search_term_string\"}}],\"inLanguage\":\"fr-FR\"},{\"@type\":\"Organization\",\"@id\":\"https:\\\/\\\/capmanymuntatges.cat\\\/fr\\\/#organization\",\"name\":\"Capmany Muntatges\",\"url\":\"https:\\\/\\\/capmanymuntatges.cat\\\/fr\\\/\",\"logo\":{\"@type\":\"ImageObject\",\"inLanguage\":\"fr-FR\",\"@id\":\"https:\\\/\\\/capmanymuntatges.cat\\\/fr\\\/#\\\/schema\\\/logo\\\/image\\\/\",\"url\":\"https:\\\/\\\/capmanymuntatges.cat\\\/wp-content\\\/uploads\\\/2023\\\/03\\\/logo-capmany-muntatges.png\",\"contentUrl\":\"https:\\\/\\\/capmanymuntatges.cat\\\/wp-content\\\/uploads\\\/2023\\\/03\\\/logo-capmany-muntatges.png\",\"width\":818,\"height\":285,\"caption\":\"Capmany Muntatges\"},\"image\":{\"@id\":\"https:\\\/\\\/capmanymuntatges.cat\\\/fr\\\/#\\\/schema\\\/logo\\\/image\\\/\"}},{\"@type\":\"Person\",\"@id\":\"https:\\\/\\\/capmanymuntatges.cat\\\/fr\\\/#\\\/schema\\\/person\\\/ce48f0090d4e0147a706087ff6461f5d\",\"name\":\"Capmany Muntatges\",\"image\":{\"@type\":\"ImageObject\",\"inLanguage\":\"fr-FR\",\"@id\":\"https:\\\/\\\/secure.gravatar.com\\\/avatar\\\/4aea2fa8af46ece7ab956363a5c392f3a08c5ccbc8879dc3fea45e236538b132?s=96&d=mm&r=g\",\"url\":\"https:\\\/\\\/secure.gravatar.com\\\/avatar\\\/4aea2fa8af46ece7ab956363a5c392f3a08c5ccbc8879dc3fea45e236538b132?s=96&d=mm&r=g\",\"contentUrl\":\"https:\\\/\\\/secure.gravatar.com\\\/avatar\\\/4aea2fa8af46ece7ab956363a5c392f3a08c5ccbc8879dc3fea45e236538b132?s=96&d=mm&r=g\",\"caption\":\"Capmany Muntatges\"},\"url\":\"https:\\\/\\\/capmanymuntatges.cat\\\/fr\\\/author\\\/capmanymuntatges\\\/\"}]}<\/script>\n<!-- \/ Yoast SEO plugin. -->","yoast_head_json":{"title":"Cr\u00e9er des espaces communs productifs au bureau : la cl\u00e9 r\u00e9side dans l\u2019\u00e9quipement du bureau - Capmany Muntatges","robots":{"index":"noindex","follow":"follow"},"og_locale":"fr_FR","og_type":"article","og_title":"Cr\u00e9er des espaces communs productifs au bureau : la cl\u00e9 r\u00e9side dans l\u2019\u00e9quipement du bureau - Capmany Muntatges","og_description":"Dans l&rsquo;environnement de travail actuel, l&rsquo;importance des espaces communs au sein du bureau ne peut \u00eatre sous-estim\u00e9e. Chez Capmany Muntatges, sp\u00e9cialiste de l&rsquo;installation et du montage de bureaux, nous comprenons que ces espaces peuvent \u00eatre des moteurs de collaboration et de productivit\u00e9. Dans cet article, nous explorons la vitalit\u00e9 des espaces communs et soulignons l\u2019importance ... Lire la suite","og_url":"https:\/\/capmanymuntatges.cat\/fr\/creant-espais-comuns-productius-a-loficina-la-clau-esta-en-lequipament-doficina\/","og_site_name":"Capmany Muntatges","article_published_time":"2024-01-16T10:07:59+00:00","article_modified_time":"2024-01-16T10:24:05+00:00","og_image":[{"width":2560,"height":1536,"url":"https:\/\/capmanymuntatges.cat\/wp-content\/uploads\/2024\/01\/HIGH-noom-071-7--scaled.jpg","type":"image\/jpeg"}],"author":"Capmany Muntatges","twitter_card":"summary_large_image","twitter_misc":{"\u00c9crit par":"Capmany Muntatges","Dur\u00e9e de lecture estim\u00e9e":"2 minutes"},"schema":{"@context":"https:\/\/schema.org","@graph":[{"@type":"Article","@id":"https:\/\/capmanymuntatges.cat\/fr\/creant-espais-comuns-productius-a-loficina-la-clau-esta-en-lequipament-doficina\/#article","isPartOf":{"@id":"https:\/\/capmanymuntatges.cat\/fr\/creant-espais-comuns-productius-a-loficina-la-clau-esta-en-lequipament-doficina\/"},"author":{"name":"Capmany Muntatges","@id":"https:\/\/capmanymuntatges.cat\/fr\/#\/schema\/person\/ce48f0090d4e0147a706087ff6461f5d"},"headline":"Cr\u00e9er des espaces communs productifs au bureau : la cl\u00e9 r\u00e9side dans l\u2019\u00e9quipement du bureau","datePublished":"2024-01-16T10:07:59+00:00","dateModified":"2024-01-16T10:24:05+00:00","mainEntityOfPage":{"@id":"https:\/\/capmanymuntatges.cat\/fr\/creant-espais-comuns-productius-a-loficina-la-clau-esta-en-lequipament-doficina\/"},"wordCount":425,"publisher":{"@id":"https:\/\/capmanymuntatges.cat\/fr\/#organization"},"image":{"@id":"https:\/\/capmanymuntatges.cat\/fr\/creant-espais-comuns-productius-a-loficina-la-clau-esta-en-lequipament-doficina\/#primaryimage"},"thumbnailUrl":"https:\/\/capmanymuntatges.cat\/wp-content\/uploads\/2024\/01\/HIGH-noom-071-7--scaled.jpg","articleSection":["General"],"inLanguage":"fr-FR"},{"@type":"WebPage","@id":"https:\/\/capmanymuntatges.cat\/fr\/creant-espais-comuns-productius-a-loficina-la-clau-esta-en-lequipament-doficina\/","url":"https:\/\/capmanymuntatges.cat\/fr\/creant-espais-comuns-productius-a-loficina-la-clau-esta-en-lequipament-doficina\/","name":"Cr\u00e9er des espaces communs productifs au bureau : la cl\u00e9 r\u00e9side dans l\u2019\u00e9quipement du bureau - Capmany Muntatges","isPartOf":{"@id":"https:\/\/capmanymuntatges.cat\/fr\/#website"},"primaryImageOfPage":{"@id":"https:\/\/capmanymuntatges.cat\/fr\/creant-espais-comuns-productius-a-loficina-la-clau-esta-en-lequipament-doficina\/#primaryimage"},"image":{"@id":"https:\/\/capmanymuntatges.cat\/fr\/creant-espais-comuns-productius-a-loficina-la-clau-esta-en-lequipament-doficina\/#primaryimage"},"thumbnailUrl":"https:\/\/capmanymuntatges.cat\/wp-content\/uploads\/2024\/01\/HIGH-noom-071-7--scaled.jpg","datePublished":"2024-01-16T10:07:59+00:00","dateModified":"2024-01-16T10:24:05+00:00","breadcrumb":{"@id":"https:\/\/capmanymuntatges.cat\/fr\/creant-espais-comuns-productius-a-loficina-la-clau-esta-en-lequipament-doficina\/#breadcrumb"},"inLanguage":"fr-FR","potentialAction":[{"@type":"ReadAction","target":["https:\/\/capmanymuntatges.cat\/fr\/creant-espais-comuns-productius-a-loficina-la-clau-esta-en-lequipament-doficina\/"]}]},{"@type":"ImageObject","inLanguage":"fr-FR","@id":"https:\/\/capmanymuntatges.cat\/fr\/creant-espais-comuns-productius-a-loficina-la-clau-esta-en-lequipament-doficina\/#primaryimage","url":"https:\/\/capmanymuntatges.cat\/wp-content\/uploads\/2024\/01\/HIGH-noom-071-7--scaled.jpg","contentUrl":"https:\/\/capmanymuntatges.cat\/wp-content\/uploads\/2024\/01\/HIGH-noom-071-7--scaled.jpg","width":2560,"height":1536},{"@type":"BreadcrumbList","@id":"https:\/\/capmanymuntatges.cat\/fr\/creant-espais-comuns-productius-a-loficina-la-clau-esta-en-lequipament-doficina\/#breadcrumb","itemListElement":[{"@type":"ListItem","position":1,"name":"Portada","item":"https:\/\/capmanymuntatges.cat\/fr\/"},{"@type":"ListItem","position":2,"name":"Cr\u00e9er des espaces communs productifs au bureau : la cl\u00e9 r\u00e9side dans l\u2019\u00e9quipement du bureau"}]},{"@type":"WebSite","@id":"https:\/\/capmanymuntatges.cat\/fr\/#website","url":"https:\/\/capmanymuntatges.cat\/fr\/","name":"Capmany Muntatges","description":"Mobiliari d&#039;oficina","publisher":{"@id":"https:\/\/capmanymuntatges.cat\/fr\/#organization"},"potentialAction":[{"@type":"SearchAction","target":{"@type":"EntryPoint","urlTemplate":"https:\/\/capmanymuntatges.cat\/fr\/?s={search_term_string}"},"query-input":{"@type":"PropertyValueSpecification","valueRequired":true,"valueName":"search_term_string"}}],"inLanguage":"fr-FR"},{"@type":"Organization","@id":"https:\/\/capmanymuntatges.cat\/fr\/#organization","name":"Capmany Muntatges","url":"https:\/\/capmanymuntatges.cat\/fr\/","logo":{"@type":"ImageObject","inLanguage":"fr-FR","@id":"https:\/\/capmanymuntatges.cat\/fr\/#\/schema\/logo\/image\/","url":"https:\/\/capmanymuntatges.cat\/wp-content\/uploads\/2023\/03\/logo-capmany-muntatges.png","contentUrl":"https:\/\/capmanymuntatges.cat\/wp-content\/uploads\/2023\/03\/logo-capmany-muntatges.png","width":818,"height":285,"caption":"Capmany Muntatges"},"image":{"@id":"https:\/\/capmanymuntatges.cat\/fr\/#\/schema\/logo\/image\/"}},{"@type":"Person","@id":"https:\/\/capmanymuntatges.cat\/fr\/#\/schema\/person\/ce48f0090d4e0147a706087ff6461f5d","name":"Capmany Muntatges","image":{"@type":"ImageObject","inLanguage":"fr-FR","@id":"https:\/\/secure.gravatar.com\/avatar\/4aea2fa8af46ece7ab956363a5c392f3a08c5ccbc8879dc3fea45e236538b132?s=96&d=mm&r=g","url":"https:\/\/secure.gravatar.com\/avatar\/4aea2fa8af46ece7ab956363a5c392f3a08c5ccbc8879dc3fea45e236538b132?s=96&d=mm&r=g","contentUrl":"https:\/\/secure.gravatar.com\/avatar\/4aea2fa8af46ece7ab956363a5c392f3a08c5ccbc8879dc3fea45e236538b132?s=96&d=mm&r=g","caption":"Capmany Muntatges"},"url":"https:\/\/capmanymuntatges.cat\/fr\/author\/capmanymuntatges\/"}]}},"_links":{"self":[{"href":"https:\/\/capmanymuntatges.cat\/fr\/wp-json\/wp\/v2\/posts\/3354","targetHints":{"allow":["GET"]}}],"collection":[{"href":"https:\/\/capmanymuntatges.cat\/fr\/wp-json\/wp\/v2\/posts"}],"about":[{"href":"https:\/\/capmanymuntatges.cat\/fr\/wp-json\/wp\/v2\/types\/post"}],"author":[{"embeddable":true,"href":"https:\/\/capmanymuntatges.cat\/fr\/wp-json\/wp\/v2\/users\/2"}],"replies":[{"embeddable":true,"href":"https:\/\/capmanymuntatges.cat\/fr\/wp-json\/wp\/v2\/comments?post=3354"}],"version-history":[{"count":1,"href":"https:\/\/capmanymuntatges.cat\/fr\/wp-json\/wp\/v2\/posts\/3354\/revisions"}],"predecessor-version":[{"id":3356,"href":"https:\/\/capmanymuntatges.cat\/fr\/wp-json\/wp\/v2\/posts\/3354\/revisions\/3356"}],"wp:featuredmedia":[{"embeddable":true,"href":"https:\/\/capmanymuntatges.cat\/fr\/wp-json\/wp\/v2\/media\/3349"}],"wp:attachment":[{"href":"https:\/\/capmanymuntatges.cat\/fr\/wp-json\/wp\/v2\/media?parent=3354"}],"wp:term":[{"taxonomy":"category","embeddable":true,"href":"https:\/\/capmanymuntatges.cat\/fr\/wp-json\/wp\/v2\/categories?post=3354"},{"taxonomy":"post_tag","embeddable":true,"href":"https:\/\/capmanymuntatges.cat\/fr\/wp-json\/wp\/v2\/tags?post=3354"}],"curies":[{"name":"wp","href":"https:\/\/api.w.org\/{rel}","templated":true}]}}